{"id":2367,"date":"2024-10-07T07:29:37","date_gmt":"2024-10-07T07:29:37","guid":{"rendered":"https:\/\/gapwomen.ufec.cat\/?p=2367"},"modified":"2025-05-08T10:16:59","modified_gmt":"2025-05-08T10:16:59","slug":"la-ufec-lidera-la-promocio-de-la-participacio-femenina-en-lesport-catala-amb-la-conferencia-sobre-estrategies-digualtat-de-genere","status":"publish","type":"post","link":"https:\/\/gapwomen.ufec.cat\/ca\/2024\/10\/07\/la-ufec-lidera-la-promocio-de-la-participacio-femenina-en-lesport-catala-amb-la-conferencia-sobre-estrategies-digualtat-de-genere\/","title":{"rendered":"La UFEC lidera la promoci\u00f3 de la participaci\u00f3 femenina en l\u2019esport catal\u00e0 amb la Confer\u00e8ncia sobre estrat\u00e8gies d\u2019igualtat de g\u00e8nere"},"content":{"rendered":"\n<p>La Uni\u00f3 de Federacions Esportives de Catalunya (UFEC) continua essent un actor clau en la transformaci\u00f3 de l\u2019esport catal\u00e0 amb el seu comprom\u00eds amb la promoci\u00f3 de la igualtat de g\u00e8nere. Com a part de la Setmana Europea de l\u2019Esport, la UFEC va organitzar la confer\u00e8ncia <strong>\u201cEstrat\u00e8gies per augmentar la participaci\u00f3 femenina en l\u2019esport\u201d<\/strong>, una iniciativa vinculada al projecte GAP Women d\u2019Erasmus Plus, que situa al centre del debat la necessitat d\u2019eliminar barreres i fomentar una implicaci\u00f3 m\u00e9s gran de les dones en l\u2019\u00e0mbit esportiu.<\/p>\n\n\n\n<p>L\u2019esdeveniment, organitzat en col\u00b7laboraci\u00f3 amb la Fundaci\u00f3 Superacci\u00f3, va destacar per la seva capacitat de crear sinergies entre organitzacions esportives i federacions, amb l\u2019objectiu de sumar esfor\u00e7os per afrontar un problema de gran rellev\u00e0ncia. La participaci\u00f3 femenina en l\u2019esport continua limitada per obstacles estructurals, culturals i socials, i la UFEC es posiciona com a l\u00edder indiscutible a l\u2019hora de donar visibilitat a aquest repte i oferir solucions concretes. La seva tasca \u00e9s fonamental per sensibilitzar i implicar els actors m\u00e9s rellevants de l\u2019esport catal\u00e0, des de federacions fins a clubs, perqu\u00e8 integrin pol\u00edtiques d\u2019igualtat dins les seves estructures.<\/p>\n\n\n\n<figure class=\"wp-block-image\"><img loading=\"lazy\" decoding=\"async\" width=\"1024\" height=\"690\" src=\"https:\/\/gapwomen.ufec.cat\/wp-content\/uploads\/2024\/10\/DSCF8499UFEC_BE-ACTIVE-26_9_24-1024x690.jpg\" alt=\"\" class=\"wp-image-1778\" srcset=\"https:\/\/gapwomen.ufec.cat\/wp-content\/uploads\/2024\/10\/DSCF8499UFEC_BE-ACTIVE-26_9_24-1024x690.jpg 1024w, https:\/\/gapwomen.ufec.cat\/wp-content\/uploads\/2024\/10\/DSCF8499UFEC_BE-ACTIVE-26_9_24-300x202.jpg 300w, https:\/\/gapwomen.ufec.cat\/wp-content\/uploads\/2024\/10\/DSCF8499UFEC_BE-ACTIVE-26_9_24-768x518.jpg 768w, https:\/\/gapwomen.ufec.cat\/wp-content\/uploads\/2024\/10\/DSCF8499UFEC_BE-ACTIVE-26_9_24-1536x1035.jpg 1536w, https:\/\/gapwomen.ufec.cat\/wp-content\/uploads\/2024\/10\/DSCF8499UFEC_BE-ACTIVE-26_9_24-2048x1380.jpg 2048w\" sizes=\"auto, (max-width: 1024px) 100vw, 1024px\" \/><\/figure>\n\n\n\n<p>Durant l\u2019acte, la UFEC va presentar el seu curs en l\u00ednia gratu\u00eft en el marc del projecte GAP Women. Aquest recurs \u00e9s accessible per a totes les organitzacions esportives i ofereix una eina clau per a aquells clubs i federacions que vulguin promoure activament la participaci\u00f3 femenina.<\/p>\n\n\n\n<p>Al llarg de la jornada, els participants van tenir l\u2019oportunitat d\u2019intercanviar idees, con\u00e8ixer bones pr\u00e0ctiques i participar en tallers pr\u00e0ctics. Un exemple destacat va ser la presentaci\u00f3 de la Federaci\u00f3 Catalana de Cricket, que va compartir la seva experi\u00e8ncia exitosa en l\u2019increment de la participaci\u00f3 femenina en aquesta disciplina. Aquest tipus d\u2019iniciatives, avalades per la UFEC, permeten que l\u2019esport catal\u00e0 esdevingui un referent en termes d\u2019inclusi\u00f3 i equitat de g\u00e8nere.<\/p>\n\n\n\n<figure class=\"wp-block-image\"><img loading=\"lazy\" decoding=\"async\" width=\"1024\" height=\"677\" src=\"https:\/\/gapwomen.ufec.cat\/wp-content\/uploads\/2024\/10\/DSCF9272FOTOGRAFIES-UFEC_GREENTEAM_SUPERACCIO-26_9_24-Lluis-Catala--1024x677.jpg\" alt=\"\" class=\"wp-image-1781\" srcset=\"https:\/\/gapwomen.ufec.cat\/wp-content\/uploads\/2024\/10\/DSCF9272FOTOGRAFIES-UFEC_GREENTEAM_SUPERACCIO-26_9_24-Lluis-Catala--1024x677.jpg 1024w, https:\/\/gapwomen.ufec.cat\/wp-content\/uploads\/2024\/10\/DSCF9272FOTOGRAFIES-UFEC_GREENTEAM_SUPERACCIO-26_9_24-Lluis-Catala--300x198.jpg 300w, https:\/\/gapwomen.ufec.cat\/wp-content\/uploads\/2024\/10\/DSCF9272FOTOGRAFIES-UFEC_GREENTEAM_SUPERACCIO-26_9_24-Lluis-Catala--768x508.jpg 768w, https:\/\/gapwomen.ufec.cat\/wp-content\/uploads\/2024\/10\/DSCF9272FOTOGRAFIES-UFEC_GREENTEAM_SUPERACCIO-26_9_24-Lluis-Catala--1536x1016.jpg 1536w, https:\/\/gapwomen.ufec.cat\/wp-content\/uploads\/2024\/10\/DSCF9272FOTOGRAFIES-UFEC_GREENTEAM_SUPERACCIO-26_9_24-Lluis-Catala--2048x1354.jpg 2048w\" sizes=\"auto, (max-width: 1024px) 100vw, 1024px\" \/><\/figure>\n\n\n\n<p>El projecte europeu GAP Women, que agrupa deu organitzacions, no nom\u00e9s pret\u00e9n augmentar el nombre de llic\u00e8ncies federatives femenines, sin\u00f3 tamb\u00e9 promoure un canvi cultural profund en l\u2019esport europeu. En aquest sentit, la UFEC assumeix un paper decisiu, impulsant pol\u00edtiques inclusives que no nom\u00e9s beneficiaran les dones, sin\u00f3 que contribuiran a la construcci\u00f3 d\u2019un esport m\u00e9s divers, equitatiu i sostenible a llarg termini.<\/p>\n\n\n\n<p>Amb aquesta confer\u00e8ncia, la UFEC reafirma el seu lideratge en la difusi\u00f3 i acci\u00f3 sobre el problema de la baixa participaci\u00f3 femenina, i continua ajudant l\u2019esport catal\u00e0 a avan\u00e7ar cap a un model m\u00e9s inclusiu, on les dones tinguin l\u2019oportunitat d\u2019\u201cocupar el lloc que els correspon en totes les disciplines i nivells esportius\u201d.<\/p>\n","protected":false},"excerpt":{"rendered":"<p>La Uni\u00f3 de Federacions Esportives de Catalunya (UFEC) continua essent un actor clau en la transformaci\u00f3 de l\u2019esport catal\u00e0 amb el seu comprom\u00eds amb la promoci\u00f3 de la igualtat de g\u00e8nere. Com a part de la Setmana Europea de l\u2019Esport, la UFEC va organitzar la confer\u00e8ncia \u201cEstrat\u00e8gies per augmentar la participaci\u00f3 femenina en l\u2019esport\u201d, una [&hellip;]<\/p>\n","protected":false},"author":2,"featured_media":1773,"comment_status":"closed","ping_status":"closed","sticky":false,"template":"","format":"standard","meta":{"footnotes":""},"categories":[12],"tags":[],"class_list":["post-2367","post","type-post","status-publish","format-standard","has-post-thumbnail","hentry","category-uncategorized-ca"],"yoast_head":"<!-- This site is optimized with the Yoast SEO plugin v19.9 - https:\/\/yoast.com\/wordpress\/plugins\/seo\/ -->\n<title>La UFEC lidera la promoci\u00f3 de la participaci\u00f3 femenina en l\u2019esport catal\u00e0 amb la Confer\u00e8ncia sobre estrat\u00e8gies d\u2019igualtat de g\u00e8nere - GAPWomen<\/title>\n<meta name=\"robots\" content=\"index, follow, max-snippet:-1, max-image-preview:large, max-video-preview:-1\" \/>\n<link rel=\"canonical\" href=\"https:\/\/gapwomen.ufec.cat\/ca\/2024\/10\/07\/la-ufec-lidera-la-promocio-de-la-participacio-femenina-en-lesport-catala-amb-la-conferencia-sobre-estrategies-digualtat-de-genere\/\" \/>\n<meta property=\"og:locale\" content=\"ca_ES\" \/>\n<meta property=\"og:type\" content=\"article\" \/>\n<meta property=\"og:title\" content=\"La UFEC lidera la promoci\u00f3 de la participaci\u00f3 femenina en l\u2019esport catal\u00e0 amb la Confer\u00e8ncia sobre estrat\u00e8gies d\u2019igualtat de g\u00e8nere - GAPWomen\" \/>\n<meta property=\"og:description\" content=\"La Uni\u00f3 de Federacions Esportives de Catalunya (UFEC) continua essent un actor clau en la transformaci\u00f3 de l\u2019esport catal\u00e0 amb el seu comprom\u00eds amb la promoci\u00f3 de la igualtat de g\u00e8nere. Com a part de la Setmana Europea de l\u2019Esport, la UFEC va organitzar la confer\u00e8ncia \u201cEstrat\u00e8gies per augmentar la participaci\u00f3 femenina en l\u2019esport\u201d, una [&hellip;]\" \/>\n<meta property=\"og:url\" content=\"https:\/\/gapwomen.ufec.cat\/ca\/2024\/10\/07\/la-ufec-lidera-la-promocio-de-la-participacio-femenina-en-lesport-catala-amb-la-conferencia-sobre-estrategies-digualtat-de-genere\/\" \/>\n<meta property=\"og:site_name\" content=\"GAPWomen\" \/>\n<meta property=\"article:published_time\" content=\"2024-10-07T07:29:37+00:00\" \/>\n<meta property=\"article:modified_time\" content=\"2025-05-08T10:16:59+00:00\" \/>\n<meta property=\"og:image\" content=\"https:\/\/gapwomen.ufec.cat\/wp-content\/uploads\/2024\/10\/DSCF8607UFEC_GAP-WOMEN-26_9_24-scaled.jpg\" \/>\n\t<meta property=\"og:image:width\" content=\"2560\" \/>\n\t<meta property=\"og:image:height\" content=\"1707\" \/>\n\t<meta property=\"og:image:type\" content=\"image\/jpeg\" \/>\n<meta name=\"author\" content=\"Premsa UFEC\" \/>\n<meta name=\"twitter:card\" content=\"summary_large_image\" \/>\n<meta name=\"twitter:label1\" content=\"Escrit per\" \/>\n\t<meta name=\"twitter:data1\" content=\"Premsa UFEC\" \/>\n\t<meta name=\"twitter:label2\" content=\"Temps estimat de lectura\" \/>\n\t<meta name=\"twitter:data2\" content=\"3 minuts\" \/>\n<script type=\"application\/ld+json\" class=\"yoast-schema-graph\">{\"@context\":\"https:\/\/schema.org\",\"@graph\":[{\"@type\":\"Article\",\"@id\":\"https:\/\/gapwomen.ufec.cat\/ca\/2024\/10\/07\/la-ufec-lidera-la-promocio-de-la-participacio-femenina-en-lesport-catala-amb-la-conferencia-sobre-estrategies-digualtat-de-genere\/#article\",\"isPartOf\":{\"@id\":\"https:\/\/gapwomen.ufec.cat\/ca\/2024\/10\/07\/la-ufec-lidera-la-promocio-de-la-participacio-femenina-en-lesport-catala-amb-la-conferencia-sobre-estrategies-digualtat-de-genere\/\"},\"author\":{\"name\":\"Premsa UFEC\",\"@id\":\"https:\/\/gapwomen.ufec.cat\/ca\/#\/schema\/person\/cb52c2d07d101573fcb8d9a3604285a4\"},\"headline\":\"La UFEC lidera la promoci\u00f3 de la participaci\u00f3 femenina en l\u2019esport catal\u00e0 amb la Confer\u00e8ncia sobre estrat\u00e8gies d\u2019igualtat de g\u00e8nere\",\"datePublished\":\"2024-10-07T07:29:37+00:00\",\"dateModified\":\"2025-05-08T10:16:59+00:00\",\"mainEntityOfPage\":{\"@id\":\"https:\/\/gapwomen.ufec.cat\/ca\/2024\/10\/07\/la-ufec-lidera-la-promocio-de-la-participacio-femenina-en-lesport-catala-amb-la-conferencia-sobre-estrategies-digualtat-de-genere\/\"},\"wordCount\":492,\"publisher\":{\"@id\":\"https:\/\/gapwomen.ufec.cat\/ca\/#organization\"},\"articleSection\":[\"Uncategorized @ca\"],\"inLanguage\":\"ca\"},{\"@type\":\"WebPage\",\"@id\":\"https:\/\/gapwomen.ufec.cat\/ca\/2024\/10\/07\/la-ufec-lidera-la-promocio-de-la-participacio-femenina-en-lesport-catala-amb-la-conferencia-sobre-estrategies-digualtat-de-genere\/\",\"url\":\"https:\/\/gapwomen.ufec.cat\/ca\/2024\/10\/07\/la-ufec-lidera-la-promocio-de-la-participacio-femenina-en-lesport-catala-amb-la-conferencia-sobre-estrategies-digualtat-de-genere\/\",\"name\":\"La UFEC lidera la promoci\u00f3 de la participaci\u00f3 femenina en l\u2019esport catal\u00e0 amb la Confer\u00e8ncia sobre estrat\u00e8gies d\u2019igualtat de g\u00e8nere - GAPWomen\",\"isPartOf\":{\"@id\":\"https:\/\/gapwomen.ufec.cat\/ca\/#website\"},\"datePublished\":\"2024-10-07T07:29:37+00:00\",\"dateModified\":\"2025-05-08T10:16:59+00:00\",\"breadcrumb\":{\"@id\":\"https:\/\/gapwomen.ufec.cat\/ca\/2024\/10\/07\/la-ufec-lidera-la-promocio-de-la-participacio-femenina-en-lesport-catala-amb-la-conferencia-sobre-estrategies-digualtat-de-genere\/#breadcrumb\"},\"inLanguage\":\"ca\",\"potentialAction\":[{\"@type\":\"ReadAction\",\"target\":[\"https:\/\/gapwomen.ufec.cat\/ca\/2024\/10\/07\/la-ufec-lidera-la-promocio-de-la-participacio-femenina-en-lesport-catala-amb-la-conferencia-sobre-estrategies-digualtat-de-genere\/\"]}]},{\"@type\":\"BreadcrumbList\",\"@id\":\"https:\/\/gapwomen.ufec.cat\/ca\/2024\/10\/07\/la-ufec-lidera-la-promocio-de-la-participacio-femenina-en-lesport-catala-amb-la-conferencia-sobre-estrategies-digualtat-de-genere\/#breadcrumb\",\"itemListElement\":[{\"@type\":\"ListItem\",\"position\":1,\"name\":\"Portada\",\"item\":\"https:\/\/gapwomen.ufec.cat\/ca\/\"},{\"@type\":\"ListItem\",\"position\":2,\"name\":\"La UFEC lidera la promoci\u00f3 de la participaci\u00f3 femenina en l\u2019esport catal\u00e0 amb la Confer\u00e8ncia sobre estrat\u00e8gies d\u2019igualtat de g\u00e8nere\"}]},{\"@type\":\"WebSite\",\"@id\":\"https:\/\/gapwomen.ufec.cat\/ca\/#website\",\"url\":\"https:\/\/gapwomen.ufec.cat\/ca\/\",\"name\":\"GAPWomen\",\"description\":\"Just another WordPress site\",\"publisher\":{\"@id\":\"https:\/\/gapwomen.ufec.cat\/ca\/#organization\"},\"potentialAction\":[{\"@type\":\"SearchAction\",\"target\":{\"@type\":\"EntryPoint\",\"urlTemplate\":\"https:\/\/gapwomen.ufec.cat\/ca\/?s={search_term_string}\"},\"query-input\":\"required name=search_term_string\"}],\"inLanguage\":\"ca\"},{\"@type\":\"Organization\",\"@id\":\"https:\/\/gapwomen.ufec.cat\/ca\/#organization\",\"name\":\"GAPWomen\",\"url\":\"https:\/\/gapwomen.ufec.cat\/ca\/\",\"logo\":{\"@type\":\"ImageObject\",\"inLanguage\":\"ca\",\"@id\":\"https:\/\/gapwomen.ufec.cat\/ca\/#\/schema\/logo\/image\/\",\"url\":\"https:\/\/gapwomen.ufec.cat\/wp-content\/uploads\/2022\/08\/LOGOS-GAP-WOMEN-09.svg\",\"contentUrl\":\"https:\/\/gapwomen.ufec.cat\/wp-content\/uploads\/2022\/08\/LOGOS-GAP-WOMEN-09.svg\",\"width\":500,\"height\":200,\"caption\":\"GAPWomen\"},\"image\":{\"@id\":\"https:\/\/gapwomen.ufec.cat\/ca\/#\/schema\/logo\/image\/\"}},{\"@type\":\"Person\",\"@id\":\"https:\/\/gapwomen.ufec.cat\/ca\/#\/schema\/person\/cb52c2d07d101573fcb8d9a3604285a4\",\"name\":\"Premsa UFEC\",\"image\":{\"@type\":\"ImageObject\",\"inLanguage\":\"ca\",\"@id\":\"https:\/\/gapwomen.ufec.cat\/ca\/#\/schema\/person\/image\/\",\"url\":\"https:\/\/secure.gravatar.com\/avatar\/3c332e4ba74306f0f021b2e2eb15d86eb35143b4c4aec9e52241d40ff06608d9?s=96&d=mm&r=g\",\"contentUrl\":\"https:\/\/secure.gravatar.com\/avatar\/3c332e4ba74306f0f021b2e2eb15d86eb35143b4c4aec9e52241d40ff06608d9?s=96&d=mm&r=g\",\"caption\":\"Premsa UFEC\"},\"url\":\"https:\/\/gapwomen.ufec.cat\/ca\/author\/premsaufec-cat\/\"}]}<\/script>\n<!-- \/ Yoast SEO plugin. -->","yoast_head_json":{"title":"La UFEC lidera la promoci\u00f3 de la participaci\u00f3 femenina en l\u2019esport catal\u00e0 amb la Confer\u00e8ncia sobre estrat\u00e8gies d\u2019igualtat de g\u00e8nere - GAPWomen","robots":{"index":"index","follow":"follow","max-snippet":"max-snippet:-1","max-image-preview":"max-image-preview:large","max-video-preview":"max-video-preview:-1"},"canonical":"https:\/\/gapwomen.ufec.cat\/ca\/2024\/10\/07\/la-ufec-lidera-la-promocio-de-la-participacio-femenina-en-lesport-catala-amb-la-conferencia-sobre-estrategies-digualtat-de-genere\/","og_locale":"ca_ES","og_type":"article","og_title":"La UFEC lidera la promoci\u00f3 de la participaci\u00f3 femenina en l\u2019esport catal\u00e0 amb la Confer\u00e8ncia sobre estrat\u00e8gies d\u2019igualtat de g\u00e8nere - GAPWomen","og_description":"La Uni\u00f3 de Federacions Esportives de Catalunya (UFEC) continua essent un actor clau en la transformaci\u00f3 de l\u2019esport catal\u00e0 amb el seu comprom\u00eds amb la promoci\u00f3 de la igualtat de g\u00e8nere. Com a part de la Setmana Europea de l\u2019Esport, la UFEC va organitzar la confer\u00e8ncia \u201cEstrat\u00e8gies per augmentar la participaci\u00f3 femenina en l\u2019esport\u201d, una [&hellip;]","og_url":"https:\/\/gapwomen.ufec.cat\/ca\/2024\/10\/07\/la-ufec-lidera-la-promocio-de-la-participacio-femenina-en-lesport-catala-amb-la-conferencia-sobre-estrategies-digualtat-de-genere\/","og_site_name":"GAPWomen","article_published_time":"2024-10-07T07:29:37+00:00","article_modified_time":"2025-05-08T10:16:59+00:00","og_image":[{"width":2560,"height":1707,"url":"https:\/\/gapwomen.ufec.cat\/wp-content\/uploads\/2024\/10\/DSCF8607UFEC_GAP-WOMEN-26_9_24-scaled.jpg","type":"image\/jpeg"}],"author":"Premsa UFEC","twitter_card":"summary_large_image","twitter_misc":{"Escrit per":"Premsa UFEC","Temps estimat de lectura":"3 minuts"},"schema":{"@context":"https:\/\/schema.org","@graph":[{"@type":"Article","@id":"https:\/\/gapwomen.ufec.cat\/ca\/2024\/10\/07\/la-ufec-lidera-la-promocio-de-la-participacio-femenina-en-lesport-catala-amb-la-conferencia-sobre-estrategies-digualtat-de-genere\/#article","isPartOf":{"@id":"https:\/\/gapwomen.ufec.cat\/ca\/2024\/10\/07\/la-ufec-lidera-la-promocio-de-la-participacio-femenina-en-lesport-catala-amb-la-conferencia-sobre-estrategies-digualtat-de-genere\/"},"author":{"name":"Premsa UFEC","@id":"https:\/\/gapwomen.ufec.cat\/ca\/#\/schema\/person\/cb52c2d07d101573fcb8d9a3604285a4"},"headline":"La UFEC lidera la promoci\u00f3 de la participaci\u00f3 femenina en l\u2019esport catal\u00e0 amb la Confer\u00e8ncia sobre estrat\u00e8gies d\u2019igualtat de g\u00e8nere","datePublished":"2024-10-07T07:29:37+00:00","dateModified":"2025-05-08T10:16:59+00:00","mainEntityOfPage":{"@id":"https:\/\/gapwomen.ufec.cat\/ca\/2024\/10\/07\/la-ufec-lidera-la-promocio-de-la-participacio-femenina-en-lesport-catala-amb-la-conferencia-sobre-estrategies-digualtat-de-genere\/"},"wordCount":492,"publisher":{"@id":"https:\/\/gapwomen.ufec.cat\/ca\/#organization"},"articleSection":["Uncategorized @ca"],"inLanguage":"ca"},{"@type":"WebPage","@id":"https:\/\/gapwomen.ufec.cat\/ca\/2024\/10\/07\/la-ufec-lidera-la-promocio-de-la-participacio-femenina-en-lesport-catala-amb-la-conferencia-sobre-estrategies-digualtat-de-genere\/","url":"https:\/\/gapwomen.ufec.cat\/ca\/2024\/10\/07\/la-ufec-lidera-la-promocio-de-la-participacio-femenina-en-lesport-catala-amb-la-conferencia-sobre-estrategies-digualtat-de-genere\/","name":"La UFEC lidera la promoci\u00f3 de la participaci\u00f3 femenina en l\u2019esport catal\u00e0 amb la Confer\u00e8ncia sobre estrat\u00e8gies d\u2019igualtat de g\u00e8nere - GAPWomen","isPartOf":{"@id":"https:\/\/gapwomen.ufec.cat\/ca\/#website"},"datePublished":"2024-10-07T07:29:37+00:00","dateModified":"2025-05-08T10:16:59+00:00","breadcrumb":{"@id":"https:\/\/gapwomen.ufec.cat\/ca\/2024\/10\/07\/la-ufec-lidera-la-promocio-de-la-participacio-femenina-en-lesport-catala-amb-la-conferencia-sobre-estrategies-digualtat-de-genere\/#breadcrumb"},"inLanguage":"ca","potentialAction":[{"@type":"ReadAction","target":["https:\/\/gapwomen.ufec.cat\/ca\/2024\/10\/07\/la-ufec-lidera-la-promocio-de-la-participacio-femenina-en-lesport-catala-amb-la-conferencia-sobre-estrategies-digualtat-de-genere\/"]}]},{"@type":"BreadcrumbList","@id":"https:\/\/gapwomen.ufec.cat\/ca\/2024\/10\/07\/la-ufec-lidera-la-promocio-de-la-participacio-femenina-en-lesport-catala-amb-la-conferencia-sobre-estrategies-digualtat-de-genere\/#breadcrumb","itemListElement":[{"@type":"ListItem","position":1,"name":"Portada","item":"https:\/\/gapwomen.ufec.cat\/ca\/"},{"@type":"ListItem","position":2,"name":"La UFEC lidera la promoci\u00f3 de la participaci\u00f3 femenina en l\u2019esport catal\u00e0 amb la Confer\u00e8ncia sobre estrat\u00e8gies d\u2019igualtat de g\u00e8nere"}]},{"@type":"WebSite","@id":"https:\/\/gapwomen.ufec.cat\/ca\/#website","url":"https:\/\/gapwomen.ufec.cat\/ca\/","name":"GAPWomen","description":"Just another WordPress site","publisher":{"@id":"https:\/\/gapwomen.ufec.cat\/ca\/#organization"},"potentialAction":[{"@type":"SearchAction","target":{"@type":"EntryPoint","urlTemplate":"https:\/\/gapwomen.ufec.cat\/ca\/?s={search_term_string}"},"query-input":"required name=search_term_string"}],"inLanguage":"ca"},{"@type":"Organization","@id":"https:\/\/gapwomen.ufec.cat\/ca\/#organization","name":"GAPWomen","url":"https:\/\/gapwomen.ufec.cat\/ca\/","logo":{"@type":"ImageObject","inLanguage":"ca","@id":"https:\/\/gapwomen.ufec.cat\/ca\/#\/schema\/logo\/image\/","url":"https:\/\/gapwomen.ufec.cat\/wp-content\/uploads\/2022\/08\/LOGOS-GAP-WOMEN-09.svg","contentUrl":"https:\/\/gapwomen.ufec.cat\/wp-content\/uploads\/2022\/08\/LOGOS-GAP-WOMEN-09.svg","width":500,"height":200,"caption":"GAPWomen"},"image":{"@id":"https:\/\/gapwomen.ufec.cat\/ca\/#\/schema\/logo\/image\/"}},{"@type":"Person","@id":"https:\/\/gapwomen.ufec.cat\/ca\/#\/schema\/person\/cb52c2d07d101573fcb8d9a3604285a4","name":"Premsa UFEC","image":{"@type":"ImageObject","inLanguage":"ca","@id":"https:\/\/gapwomen.ufec.cat\/ca\/#\/schema\/person\/image\/","url":"https:\/\/secure.gravatar.com\/avatar\/3c332e4ba74306f0f021b2e2eb15d86eb35143b4c4aec9e52241d40ff06608d9?s=96&d=mm&r=g","contentUrl":"https:\/\/secure.gravatar.com\/avatar\/3c332e4ba74306f0f021b2e2eb15d86eb35143b4c4aec9e52241d40ff06608d9?s=96&d=mm&r=g","caption":"Premsa UFEC"},"url":"https:\/\/gapwomen.ufec.cat\/ca\/author\/premsaufec-cat\/"}]}},"_links":{"self":[{"href":"https:\/\/gapwomen.ufec.cat\/ca\/wp-json\/wp\/v2\/posts\/2367","targetHints":{"allow":["GET"]}}],"collection":[{"href":"https:\/\/gapwomen.ufec.cat\/ca\/wp-json\/wp\/v2\/posts"}],"about":[{"href":"https:\/\/gapwomen.ufec.cat\/ca\/wp-json\/wp\/v2\/types\/post"}],"author":[{"embeddable":true,"href":"https:\/\/gapwomen.ufec.cat\/ca\/wp-json\/wp\/v2\/users\/2"}],"replies":[{"embeddable":true,"href":"https:\/\/gapwomen.ufec.cat\/ca\/wp-json\/wp\/v2\/comments?post=2367"}],"version-history":[{"count":1,"href":"https:\/\/gapwomen.ufec.cat\/ca\/wp-json\/wp\/v2\/posts\/2367\/revisions"}],"predecessor-version":[{"id":2368,"href":"https:\/\/gapwomen.ufec.cat\/ca\/wp-json\/wp\/v2\/posts\/2367\/revisions\/2368"}],"wp:featuredmedia":[{"embeddable":true,"href":"https:\/\/gapwomen.ufec.cat\/ca\/wp-json\/wp\/v2\/media\/1773"}],"wp:attachment":[{"href":"https:\/\/gapwomen.ufec.cat\/ca\/wp-json\/wp\/v2\/media?parent=2367"}],"wp:term":[{"taxonomy":"category","embeddable":true,"href":"https:\/\/gapwomen.ufec.cat\/ca\/wp-json\/wp\/v2\/categories?post=2367"},{"taxonomy":"post_tag","embeddable":true,"href":"https:\/\/gapwomen.ufec.cat\/ca\/wp-json\/wp\/v2\/tags?post=2367"}],"curies":[{"name":"wp","href":"https:\/\/api.w.org\/{rel}","templated":true}]}}