{"id":2321,"date":"2024-06-14T06:46:32","date_gmt":"2024-06-14T06:46:32","guid":{"rendered":"https:\/\/gapwomen.ufec.cat\/?p=2321"},"modified":"2025-05-08T09:11:02","modified_gmt":"2025-05-08T09:11:02","slug":"empoderant-les-dones-en-lesport-celebrant-el-dia-internacional-dels-drets-de-les-dones","status":"publish","type":"post","link":"https:\/\/gapwomen.ufec.cat\/ca\/2024\/06\/14\/empoderant-les-dones-en-lesport-celebrant-el-dia-internacional-dels-drets-de-les-dones\/","title":{"rendered":"Empoderant les dones en l&#8217;esport: Celebrant el Dia Internacional dels Drets de les Dones"},"content":{"rendered":"\t\t<div data-elementor-type=\"wp-post\" data-elementor-id=\"2321\" class=\"elementor elementor-2321\">\n\t\t\t\t\t\t\t\t\t<section class=\"elementor-section elementor-top-section elementor-element elementor-element-5f9c1904 elementor-section-boxed elementor-section-height-default elementor-section-height-default\" data-id=\"5f9c1904\" data-element_type=\"section\">\n\t\t\t\t\t\t<div class=\"elementor-container elementor-column-gap-default\">\n\t\t\t\t\t<div class=\"elementor-column elementor-col-100 elementor-top-column elementor-element elementor-element-36b04480\" data-id=\"36b04480\" data-element_type=\"column\">\n\t\t\t<div class=\"elementor-widget-wrap elementor-element-populated\">\n\t\t\t\t\t\t\t\t<div class=\"elementor-element elementor-element-51ee3ae3 elementor-widget elementor-widget-text-editor\" data-id=\"51ee3ae3\" data-element_type=\"widget\" data-widget_type=\"text-editor.default\">\n\t\t\t\t<div class=\"elementor-widget-container\">\n\t\t\t<style>\/*! elementor - v3.8.0 - 30-10-2022 *\/\n.elementor-widget-text-editor.elementor-drop-cap-view-stacked .elementor-drop-cap{background-color:#818a91;color:#fff}.elementor-widget-text-editor.elementor-drop-cap-view-framed .elementor-drop-cap{color:#818a91;border:3px solid;background-color:transparent}.elementor-widget-text-editor:not(.elementor-drop-cap-view-default) .elementor-drop-cap{margin-top:8px}.elementor-widget-text-editor:not(.elementor-drop-cap-view-default) .elementor-drop-cap-letter{width:1em;height:1em}.elementor-widget-text-editor .elementor-drop-cap{float:left;text-align:center;line-height:1;font-size:50px}.elementor-widget-text-editor .elementor-drop-cap-letter{display:inline-block}<\/style>\t\t\t\t<p><!-- wp:paragraph --><\/p>\n<p><em>En el context del Dia Internacional dels Drets de les Dones, el 8 de mar\u00e7, els socis del projecte Gap Women es van mobilitzar per promoure la participaci\u00f3 de les dones en l&#8217;esport. Es van dur a terme nombrosos esdeveniments en tota mena de camps esportius per tota Europa, assolint m\u00e9s de 800 participants. Fem una ullada a aquests esdeveniments.<\/em><\/p>\n<p><!-- \/wp:paragraph --><!-- wp:paragraph --><\/p>\n<p>Persistents desigualtats de g\u00e8nere en el sector esportiu continuen presents arreu d\u2019Europa. En el 90% dels esports, hi ha una notable disparitat en el nombre de llic\u00e8ncies que posseeixen homes i dones dins de les federacions. Aquestes desigualtats estan arrelades en un sistema que dificulta el desenvolupament de l&#8217;esport femen\u00ed, manifestant-se en diverses disparitats.<\/p>\n<p>Davant d\u2019aquesta situaci\u00f3, el projecte Gap Women, amb el suport de la Uni\u00f3 Europea, reuneix 10 socis amb un objectiu com\u00fa: promoure la participaci\u00f3 de les dones en l&#8217;esport i augmentar el nombre de llic\u00e8ncies femenines a les federacions. La iniciativa est\u00e0 dirigida a dones, incloses aquelles en risc d&#8217;exclusi\u00f3 social, aix\u00ed com a organitzacions, federacions, clubs i autoritats p\u00fabliques. A trav\u00e9s de diverses activitats de sensibilitzaci\u00f3 i esdeveniments, Gap Women t\u00e9 com a objectiu crear un entorn m\u00e9s inclusiu i equitatiu per a tothom. En el Dia Internacional dels Drets de les Dones, el 8 de mar\u00e7, el projecte va destacar les dones en l&#8217;esport, tant com a atletes com en posicions de gesti\u00f3, entrenament i lideratge, durant una s\u00e8rie d\u2019esdeveniments. Clubs i federacions associades arreu d&#8217;Europa es van sumar a la campanya per promoure la igualtat de g\u00e8nere en els esports.<\/p>\n<p><strong>Esdeveniments presencials<\/strong> <br \/>M\u00e9s de 90 persones van participar a l&#8217;esdeveniment de la UFEC el 7 de mar\u00e7, amb la pres\u00e8ncia de Marta Cant\u00f3n, la primera atleta catalana en obtenir un diploma ol\u00edmpic. La reuni\u00f3 va marcar el llan\u00e7ament de la quarta edici\u00f3 de WESE, el curs pioner de postgrau en lideratge esportiu femen\u00ed, juntament amb la presentaci\u00f3 del projecte Gap Women i un curs en l\u00ednia sobre igualtat de g\u00e8nere. Els assistents tamb\u00e9 van gaudir d&#8217;una sessi\u00f3 inspiradora sobre lideratge femen\u00ed, facilitada per l&#8217;experta en comunicaci\u00f3 no verbal Patrycia Centeno. A m\u00e9s, la UFEC va compartir el Manifest per la igualtat de g\u00e8nere en l&#8217;esport a les seves xarxes socials.<\/p>\n<p>El 23 de mar\u00e7, Sport and Citizenship va organitzar una confer\u00e8ncia a Le Mans coincidint amb el primer partit femen\u00ed del torneig de rugbi Sis Nacions entre Fran\u00e7a i Irlanda, enfocada en la participaci\u00f3 de les dones en l&#8217;esport, ja sigui com a atletes o volunt\u00e0ries. L&#8217;esdeveniment va comptar amb un panell de discussi\u00f3 en qu\u00e8 dones van compartir les seves traject\u00f2ries, inspirant les joves assistents.<\/p>\n<p><strong>Camps de joc en l\u00ednia<\/strong><\/p>\n<p>A principis de mar\u00e7, ENGSO va organitzar un aclaridor seminari en l\u00ednia titulat \u201cTota dona \u00e9s benvinguda a l\u2019esport \u2013 Ho s\u00f3n?\u201d, aprofundint en la inclusivitat de les dones en els esports.<\/p>\n<p>Simult\u00e0niament, el Consell Internacional de Ci\u00e8ncies de l\u2019Esport i Educaci\u00f3 F\u00edsica (ICSSPE) va organitzar una sessi\u00f3 en l\u00ednia el 23 de mar\u00e7 titulada &#8220;L\u00edders femenines en l\u2019esport&#8221;, abordant el tema de la igualtat de g\u00e8nere i el lideratge en l\u2019\u00e0mbit esportiu. Amb panelistes de renom com Ruth M. Crabtree, Helen Mann, Eva Werthmann i Usha Nair, la discussi\u00f3 va explorar temes crucials com la igualtat de g\u00e8nere, la reforma dels rols de g\u00e8nere en el lideratge esportiu, superar barreres per a les dones en l\u2019esport i identificar qualitats clau de l\u00edders efectives en aquest camp.<\/p>\n<p><!-- \/wp:paragraph --><!-- wp:image {\"id\":1659,\"sizeSlug\":\"large\",\"linkDestination\":\"none\"} --><\/p>\n<figure><img decoding=\"async\" src=\"https:\/\/gapwomen.ufec.cat\/wp-content\/uploads\/2024\/06\/Women-Leaders-in-Sport_ICSSPE3-1024x571.png\" alt=\"\" \/><\/figure>\n<p><!-- \/wp:image --><!-- wp:paragraph --><\/p>\n<p><span style=\"font-weight: 400;\">En el mateix per\u00edode, Aps Asd Margherita Sport e Vita va realitzar un seminari centrat en la resili\u00e8ncia en els esports, abordant espec\u00edficament les experi\u00e8ncies de les dones en el futbol. La Dra. Sic\u00edlia, psic\u00f2loga, va parlar sobre com el futbol ajuda a desenvolupar habilitats socials i a superar els estereotips de g\u00e8nere a It\u00e0lia. Durant l\u2019esdeveniment, la presidenta de l\u2019equip Pink Football, Alessandra Signorile, va instar els pares a permetre que les seves filles triessin lliurement els esports que desitgen practicar.<\/span><\/p>\n<p><b>Esdeveniments esportius femenins<\/b><\/p>\n<p><!-- \/wp:paragraph --><!-- wp:gallery {\"linkTo\":\"none\"} --><\/p>\n<figure><!-- wp:image {\"id\":1668,\"sizeSlug\":\"large\",\"linkDestination\":\"none\"} -->\n<p>\u00a0<\/p>\n<figure><img decoding=\"async\" src=\"https:\/\/gapwomen.ufec.cat\/wp-content\/uploads\/2024\/06\/ETTU2-1024x683.jpg\" alt=\"\" \/><\/figure>\n<p><!-- \/wp:image --><!-- wp:image {\"id\":1665,\"sizeSlug\":\"large\",\"linkDestination\":\"none\"} --><\/p>\n<figure><img decoding=\"async\" src=\"https:\/\/gapwomen.ufec.cat\/wp-content\/uploads\/2024\/06\/fecdas_Try-dives-for-women-1024x768.jpeg\" alt=\"\" \/><\/figure>\n<p><!-- \/wp:image --><!-- wp:image {\"id\":1662,\"sizeSlug\":\"large\",\"linkDestination\":\"none\"} --><\/p>\n<figure><img decoding=\"async\" src=\"https:\/\/gapwomen.ufec.cat\/wp-content\/uploads\/2024\/06\/PINK.jpg\" alt=\"\" \/><\/figure>\n<p><!-- \/wp:image --><\/p>\n<\/figure>\n<p><!-- \/wp:gallery --><!-- wp:paragraph --><\/p>\n<p><span style=\"font-weight: 400;\">Quant als esdeveniments esportius, <\/span><b>la Uni\u00f3 Europea de Tennis de Taula (ETTU)<\/b><span style=\"font-weight: 400;\"> va organitzar el &#8220;Dia de Partits de Noies&#8221; el 2 de mar\u00e7 de 2024, un esdeveniment important destinat a impulsar la participaci\u00f3 de les joves jugadores de tennis de taula. Organitzat per AmagerBTK i Greve BTK, l\u2019esdeveniment va oferir un espai de suport perqu\u00e8 les noies milloressin les seves habilitats i fomentessin la camaraderia a trav\u00e9s d\u2019activitats socials. Uns dies abans, <\/span><b>Aps Asd Margherita Sport e Vita<\/b><span style=\"font-weight: 400;\"> i Pink Bari Calcio Femminile Asd van organitzar un torneig regional de futbol per a noies, amb l\u2019objectiu d\u2019abordar la bretxa de g\u00e8nere en els esports i promoure la igualtat de g\u00e8nere, alentant la participaci\u00f3 de les dones en les federacions esportives. Per la seva banda, <\/span><b>FECDAS <\/b><span style=\"font-weight: 400;\">va organitzar \u201cTry Dives for Women\u201d, introduint onze participants al busseig sota la guia d\u2019instructores. Aquestes iniciatives van celebrar el talent femen\u00ed en l\u2019esport, empoderant les participants i promovent la inclusivitat.<\/span><\/p>\n<p><!-- \/wp:paragraph --><!-- wp:image {\"id\":1671,\"sizeSlug\":\"large\",\"linkDestination\":\"none\"} --><\/p>\n<figure><img decoding=\"async\" src=\"https:\/\/gapwomen.ufec.cat\/wp-content\/uploads\/2024\/06\/ETTU_Credit_Photo_Andreas-Mikkel-Photography-1024x768.jpg\" alt=\"\" \/><\/figure>\n<p><!-- \/wp:image --><!-- wp:paragraph --><\/p>\n<p><i><span style=\"font-weight: 400;\">Girls Match Day. Drets d\u2019imatge: Andreas Mikkel Photography<\/span><\/i><\/p>\n<p><!-- \/wp:paragraph --><!-- wp:paragraph --><\/p>\n<p><b>Espais Segurs i Iniciatives de Formaci\u00f3<\/b><\/p>\n<p><!-- \/wp:paragraph --><!-- wp:image {\"id\":1674,\"sizeSlug\":\"large\",\"linkDestination\":\"none\"} --><\/p>\n<figure><img decoding=\"async\" src=\"https:\/\/gapwomen.ufec.cat\/wp-content\/uploads\/2024\/06\/Fecdas_Diving-Instructor-Scholarship-1024x768.jpeg\" alt=\"\" \/><\/figure>\n<p><!-- \/wp:image --><!-- wp:paragraph --><\/p>\n<p><i><span style=\"font-weight: 400;\">Programa de beques per a instructores de busseig<\/span><\/i><span style=\"font-weight: 400;\">\u00a0 <\/span><\/p>\n<p><!-- \/wp:paragraph --><!-- wp:paragraph --><\/p>\n<p><span style=\"font-weight: 400;\">Una altra iniciativa, la <\/span><b>Uni\u00f3 Europea de Tennis de Taula (ETTU)<\/b><span style=\"font-weight: 400;\">, va introduir un &#8220;Espai Segur per a Dones&#8221; als Campionats Nacionals de Dinamarca, celebrats a Fredericia els dies 20 i 21 d\u2019abril. Aquesta \u00e0rea designada assegurava un entorn segur i acollidor per a les assistents femenines, amb el suport del personal, fomentant que m\u00e9s dones participessin amb confian\u00e7a en esdeveniments esportius.<\/span><\/p>\n<p><span style=\"font-weight: 400;\">El mateix mes, <\/span><b>FECDAS<\/b><span style=\"font-weight: 400;\"> va llan\u00e7ar un programa de beques per a instructores de busseig**, oferint oportunitats a les dones en el sector dels esports subaqu\u00e0tics perqu\u00e8 puguin seguir una formaci\u00f3 professional. L&#8217;objectiu \u00e9s empoderar i destacar les contribucions de les dones en aquest camp, promovent la diversitat de g\u00e8nere en la instrucci\u00f3 de busseig i facilitant l&#8217;acc\u00e9s a oportunitats professionals en activitats relacionades amb el medi mar\u00ed. Mitjan\u00e7ant aquesta beca, FECDAS busca elevar dones capacitades al nivell d&#8217;instructores, fomentant la inclusi\u00f3 i l&#8217;experi\u00e8ncia dins de la comunitat de busseig.<\/span><\/p>\n<p>\u00a0<\/p>\n<p><b>Propers passos<\/b><\/p>\n<p><span style=\"font-weight: 400;\">De cara al futur, els socis del projecte Gap Women organitzaran activitats i esdeveniments addicionals al setembre de 2024 com a part de la Setmana Europea de l&#8217;Esport. A m\u00e9s, es presentaran entrevistes amb esportistes femenines de primer nivell al nostre lloc web, oferint la seva visi\u00f3 a partir de les seves experi\u00e8ncies per animar i inspirar altres dones a participar en l&#8217;esport o continuar amb la seva pr\u00e0ctica malgrat els desafiaments que han hagut d&#8217;afrontar. Descobreix la primera entrevista amb <\/span><a href=\"https:\/\/gapwomen.ufec.cat\/2024\/05\/23\/laia-palauits-basic-to-support-research-on-physical-training-for-women-especially-during-the-menstrual-period-specific-programs-for-women-and-promote-the-presence-of-more-women-in\/\"><span style=\"font-weight: 400;\">Laia Palau<\/span><\/a><span style=\"font-weight: 400;\">, exjugadora de b\u00e0squet, qui va ser jugadora internacional des del 2002 i capitana de l\u2019equip nacional d\u2019Espanya des del 2014. <\/span><a href=\"https:\/\/gapwomen.ufec.cat\/2024\/05\/23\/laia-palauits-basic-to-support-research-on-physical-training-for-women-especially-during-the-menstrual-period-specific-programs-for-women-and-promote-the-presence-of-more-women-in\/\"><i><span style=\"font-weight: 400;\">https:\/\/gapwomen.ufec.cat\/2024\/05\/23\/laia-palauits-basic-to-support-research-on-physical-training-for-women-especially-during-the-menstrual-period-specific-programs-for-women-and-promote-the-presence-of-more-women-in\/<\/span><\/i><\/a><\/p>\n<p><!-- \/wp:paragraph --><\/p>\t\t\t\t\t\t<\/div>\n\t\t\t\t<\/div>\n\t\t\t\t\t<\/div>\n\t\t<\/div>\n\t\t\t\t\t\t\t<\/div>\n\t\t<\/section>\n\t\t\t\t\t\t\t<\/div>\n\t\t","protected":false},"excerpt":{"rendered":"<p>En el context del Dia Internacional dels Drets de les Dones, el 8 de mar\u00e7, els socis del projecte Gap Women es van mobilitzar per promoure la participaci\u00f3 de les dones en l&#8217;esport. Es van dur a terme nombrosos esdeveniments en tota mena de camps esportius per tota Europa, assolint m\u00e9s de 800 participants. Fem [&hellip;]<\/p>\n","protected":false},"author":2,"featured_media":1657,"comment_status":"open","ping_status":"open","sticky":false,"template":"","format":"standard","meta":{"footnotes":""},"categories":[12],"tags":[],"class_list":["post-2321","post","type-post","status-publish","format-standard","has-post-thumbnail","hentry","category-uncategorized-ca"],"yoast_head":"<!-- This site is optimized with the Yoast SEO plugin v19.9 - https:\/\/yoast.com\/wordpress\/plugins\/seo\/ -->\n<title>Empoderant les dones en l&#039;esport: Celebrant el Dia Internacional dels Drets de les Dones - GAPWomen<\/title>\n<meta name=\"robots\" content=\"index, follow, max-snippet:-1, max-image-preview:large, max-video-preview:-1\" \/>\n<link rel=\"canonical\" href=\"https:\/\/gapwomen.ufec.cat\/ca\/2024\/06\/14\/empoderant-les-dones-en-lesport-celebrant-el-dia-internacional-dels-drets-de-les-dones\/\" \/>\n<meta property=\"og:locale\" content=\"ca_ES\" \/>\n<meta property=\"og:type\" content=\"article\" \/>\n<meta property=\"og:title\" content=\"Empoderant les dones en l&#039;esport: Celebrant el Dia Internacional dels Drets de les Dones - GAPWomen\" \/>\n<meta property=\"og:description\" content=\"En el context del Dia Internacional dels Drets de les Dones, el 8 de mar\u00e7, els socis del projecte Gap Women es van mobilitzar per promoure la participaci\u00f3 de les dones en l&#8217;esport. Es van dur a terme nombrosos esdeveniments en tota mena de camps esportius per tota Europa, assolint m\u00e9s de 800 participants. Fem [&hellip;]\" \/>\n<meta property=\"og:url\" content=\"https:\/\/gapwomen.ufec.cat\/ca\/2024\/06\/14\/empoderant-les-dones-en-lesport-celebrant-el-dia-internacional-dels-drets-de-les-dones\/\" \/>\n<meta property=\"og:site_name\" content=\"GAPWomen\" \/>\n<meta property=\"article:published_time\" content=\"2024-06-14T06:46:32+00:00\" \/>\n<meta property=\"article:modified_time\" content=\"2025-05-08T09:11:02+00:00\" \/>\n<meta property=\"og:image\" content=\"https:\/\/gapwomen.ufec.cat\/wp-content\/uploads\/2024\/06\/ETTU-scaled.jpg\" \/>\n\t<meta property=\"og:image:width\" content=\"2560\" \/>\n\t<meta property=\"og:image:height\" content=\"1707\" \/>\n\t<meta property=\"og:image:type\" content=\"image\/jpeg\" \/>\n<meta name=\"author\" content=\"Premsa UFEC\" \/>\n<meta name=\"twitter:card\" content=\"summary_large_image\" \/>\n<meta name=\"twitter:label1\" content=\"Escrit per\" \/>\n\t<meta name=\"twitter:data1\" content=\"Premsa UFEC\" \/>\n\t<meta name=\"twitter:label2\" content=\"Temps estimat de lectura\" \/>\n\t<meta name=\"twitter:data2\" content=\"6 minuts\" \/>\n<script type=\"application\/ld+json\" class=\"yoast-schema-graph\">{\"@context\":\"https:\/\/schema.org\",\"@graph\":[{\"@type\":\"Article\",\"@id\":\"https:\/\/gapwomen.ufec.cat\/ca\/2024\/06\/14\/empoderant-les-dones-en-lesport-celebrant-el-dia-internacional-dels-drets-de-les-dones\/#article\",\"isPartOf\":{\"@id\":\"https:\/\/gapwomen.ufec.cat\/ca\/2024\/06\/14\/empoderant-les-dones-en-lesport-celebrant-el-dia-internacional-dels-drets-de-les-dones\/\"},\"author\":{\"name\":\"Premsa UFEC\",\"@id\":\"https:\/\/gapwomen.ufec.cat\/ca\/#\/schema\/person\/cb52c2d07d101573fcb8d9a3604285a4\"},\"headline\":\"Empoderant les dones en l&#8217;esport: Celebrant el Dia Internacional dels Drets de les Dones\",\"datePublished\":\"2024-06-14T06:46:32+00:00\",\"dateModified\":\"2025-05-08T09:11:02+00:00\",\"mainEntityOfPage\":{\"@id\":\"https:\/\/gapwomen.ufec.cat\/ca\/2024\/06\/14\/empoderant-les-dones-en-lesport-celebrant-el-dia-internacional-dels-drets-de-les-dones\/\"},\"wordCount\":1165,\"commentCount\":0,\"publisher\":{\"@id\":\"https:\/\/gapwomen.ufec.cat\/ca\/#organization\"},\"articleSection\":[\"Uncategorized @ca\"],\"inLanguage\":\"ca\",\"potentialAction\":[{\"@type\":\"CommentAction\",\"name\":\"Comment\",\"target\":[\"https:\/\/gapwomen.ufec.cat\/ca\/2024\/06\/14\/empoderant-les-dones-en-lesport-celebrant-el-dia-internacional-dels-drets-de-les-dones\/#respond\"]}]},{\"@type\":\"WebPage\",\"@id\":\"https:\/\/gapwomen.ufec.cat\/ca\/2024\/06\/14\/empoderant-les-dones-en-lesport-celebrant-el-dia-internacional-dels-drets-de-les-dones\/\",\"url\":\"https:\/\/gapwomen.ufec.cat\/ca\/2024\/06\/14\/empoderant-les-dones-en-lesport-celebrant-el-dia-internacional-dels-drets-de-les-dones\/\",\"name\":\"Empoderant les dones en l'esport: Celebrant el Dia Internacional dels Drets de les Dones - GAPWomen\",\"isPartOf\":{\"@id\":\"https:\/\/gapwomen.ufec.cat\/ca\/#website\"},\"datePublished\":\"2024-06-14T06:46:32+00:00\",\"dateModified\":\"2025-05-08T09:11:02+00:00\",\"breadcrumb\":{\"@id\":\"https:\/\/gapwomen.ufec.cat\/ca\/2024\/06\/14\/empoderant-les-dones-en-lesport-celebrant-el-dia-internacional-dels-drets-de-les-dones\/#breadcrumb\"},\"inLanguage\":\"ca\",\"potentialAction\":[{\"@type\":\"ReadAction\",\"target\":[\"https:\/\/gapwomen.ufec.cat\/ca\/2024\/06\/14\/empoderant-les-dones-en-lesport-celebrant-el-dia-internacional-dels-drets-de-les-dones\/\"]}]},{\"@type\":\"BreadcrumbList\",\"@id\":\"https:\/\/gapwomen.ufec.cat\/ca\/2024\/06\/14\/empoderant-les-dones-en-lesport-celebrant-el-dia-internacional-dels-drets-de-les-dones\/#breadcrumb\",\"itemListElement\":[{\"@type\":\"ListItem\",\"position\":1,\"name\":\"Portada\",\"item\":\"https:\/\/gapwomen.ufec.cat\/ca\/\"},{\"@type\":\"ListItem\",\"position\":2,\"name\":\"Empoderant les dones en l&#8217;esport: Celebrant el Dia Internacional dels Drets de les Dones\"}]},{\"@type\":\"WebSite\",\"@id\":\"https:\/\/gapwomen.ufec.cat\/ca\/#website\",\"url\":\"https:\/\/gapwomen.ufec.cat\/ca\/\",\"name\":\"GAPWomen\",\"description\":\"Just another WordPress site\",\"publisher\":{\"@id\":\"https:\/\/gapwomen.ufec.cat\/ca\/#organization\"},\"potentialAction\":[{\"@type\":\"SearchAction\",\"target\":{\"@type\":\"EntryPoint\",\"urlTemplate\":\"https:\/\/gapwomen.ufec.cat\/ca\/?s={search_term_string}\"},\"query-input\":\"required name=search_term_string\"}],\"inLanguage\":\"ca\"},{\"@type\":\"Organization\",\"@id\":\"https:\/\/gapwomen.ufec.cat\/ca\/#organization\",\"name\":\"GAPWomen\",\"url\":\"https:\/\/gapwomen.ufec.cat\/ca\/\",\"logo\":{\"@type\":\"ImageObject\",\"inLanguage\":\"ca\",\"@id\":\"https:\/\/gapwomen.ufec.cat\/ca\/#\/schema\/logo\/image\/\",\"url\":\"https:\/\/gapwomen.ufec.cat\/wp-content\/uploads\/2022\/08\/LOGOS-GAP-WOMEN-09.svg\",\"contentUrl\":\"https:\/\/gapwomen.ufec.cat\/wp-content\/uploads\/2022\/08\/LOGOS-GAP-WOMEN-09.svg\",\"width\":500,\"height\":200,\"caption\":\"GAPWomen\"},\"image\":{\"@id\":\"https:\/\/gapwomen.ufec.cat\/ca\/#\/schema\/logo\/image\/\"}},{\"@type\":\"Person\",\"@id\":\"https:\/\/gapwomen.ufec.cat\/ca\/#\/schema\/person\/cb52c2d07d101573fcb8d9a3604285a4\",\"name\":\"Premsa UFEC\",\"image\":{\"@type\":\"ImageObject\",\"inLanguage\":\"ca\",\"@id\":\"https:\/\/gapwomen.ufec.cat\/ca\/#\/schema\/person\/image\/\",\"url\":\"https:\/\/secure.gravatar.com\/avatar\/3c332e4ba74306f0f021b2e2eb15d86eb35143b4c4aec9e52241d40ff06608d9?s=96&d=mm&r=g\",\"contentUrl\":\"https:\/\/secure.gravatar.com\/avatar\/3c332e4ba74306f0f021b2e2eb15d86eb35143b4c4aec9e52241d40ff06608d9?s=96&d=mm&r=g\",\"caption\":\"Premsa UFEC\"},\"url\":\"https:\/\/gapwomen.ufec.cat\/ca\/author\/premsaufec-cat\/\"}]}<\/script>\n<!-- \/ Yoast SEO plugin. -->","yoast_head_json":{"title":"Empoderant les dones en l'esport: Celebrant el Dia Internacional dels Drets de les Dones - GAPWomen","robots":{"index":"index","follow":"follow","max-snippet":"max-snippet:-1","max-image-preview":"max-image-preview:large","max-video-preview":"max-video-preview:-1"},"canonical":"https:\/\/gapwomen.ufec.cat\/ca\/2024\/06\/14\/empoderant-les-dones-en-lesport-celebrant-el-dia-internacional-dels-drets-de-les-dones\/","og_locale":"ca_ES","og_type":"article","og_title":"Empoderant les dones en l'esport: Celebrant el Dia Internacional dels Drets de les Dones - GAPWomen","og_description":"En el context del Dia Internacional dels Drets de les Dones, el 8 de mar\u00e7, els socis del projecte Gap Women es van mobilitzar per promoure la participaci\u00f3 de les dones en l&#8217;esport. Es van dur a terme nombrosos esdeveniments en tota mena de camps esportius per tota Europa, assolint m\u00e9s de 800 participants. Fem [&hellip;]","og_url":"https:\/\/gapwomen.ufec.cat\/ca\/2024\/06\/14\/empoderant-les-dones-en-lesport-celebrant-el-dia-internacional-dels-drets-de-les-dones\/","og_site_name":"GAPWomen","article_published_time":"2024-06-14T06:46:32+00:00","article_modified_time":"2025-05-08T09:11:02+00:00","og_image":[{"width":2560,"height":1707,"url":"https:\/\/gapwomen.ufec.cat\/wp-content\/uploads\/2024\/06\/ETTU-scaled.jpg","type":"image\/jpeg"}],"author":"Premsa UFEC","twitter_card":"summary_large_image","twitter_misc":{"Escrit per":"Premsa UFEC","Temps estimat de lectura":"6 minuts"},"schema":{"@context":"https:\/\/schema.org","@graph":[{"@type":"Article","@id":"https:\/\/gapwomen.ufec.cat\/ca\/2024\/06\/14\/empoderant-les-dones-en-lesport-celebrant-el-dia-internacional-dels-drets-de-les-dones\/#article","isPartOf":{"@id":"https:\/\/gapwomen.ufec.cat\/ca\/2024\/06\/14\/empoderant-les-dones-en-lesport-celebrant-el-dia-internacional-dels-drets-de-les-dones\/"},"author":{"name":"Premsa UFEC","@id":"https:\/\/gapwomen.ufec.cat\/ca\/#\/schema\/person\/cb52c2d07d101573fcb8d9a3604285a4"},"headline":"Empoderant les dones en l&#8217;esport: Celebrant el Dia Internacional dels Drets de les Dones","datePublished":"2024-06-14T06:46:32+00:00","dateModified":"2025-05-08T09:11:02+00:00","mainEntityOfPage":{"@id":"https:\/\/gapwomen.ufec.cat\/ca\/2024\/06\/14\/empoderant-les-dones-en-lesport-celebrant-el-dia-internacional-dels-drets-de-les-dones\/"},"wordCount":1165,"commentCount":0,"publisher":{"@id":"https:\/\/gapwomen.ufec.cat\/ca\/#organization"},"articleSection":["Uncategorized @ca"],"inLanguage":"ca","potentialAction":[{"@type":"CommentAction","name":"Comment","target":["https:\/\/gapwomen.ufec.cat\/ca\/2024\/06\/14\/empoderant-les-dones-en-lesport-celebrant-el-dia-internacional-dels-drets-de-les-dones\/#respond"]}]},{"@type":"WebPage","@id":"https:\/\/gapwomen.ufec.cat\/ca\/2024\/06\/14\/empoderant-les-dones-en-lesport-celebrant-el-dia-internacional-dels-drets-de-les-dones\/","url":"https:\/\/gapwomen.ufec.cat\/ca\/2024\/06\/14\/empoderant-les-dones-en-lesport-celebrant-el-dia-internacional-dels-drets-de-les-dones\/","name":"Empoderant les dones en l'esport: Celebrant el Dia Internacional dels Drets de les Dones - GAPWomen","isPartOf":{"@id":"https:\/\/gapwomen.ufec.cat\/ca\/#website"},"datePublished":"2024-06-14T06:46:32+00:00","dateModified":"2025-05-08T09:11:02+00:00","breadcrumb":{"@id":"https:\/\/gapwomen.ufec.cat\/ca\/2024\/06\/14\/empoderant-les-dones-en-lesport-celebrant-el-dia-internacional-dels-drets-de-les-dones\/#breadcrumb"},"inLanguage":"ca","potentialAction":[{"@type":"ReadAction","target":["https:\/\/gapwomen.ufec.cat\/ca\/2024\/06\/14\/empoderant-les-dones-en-lesport-celebrant-el-dia-internacional-dels-drets-de-les-dones\/"]}]},{"@type":"BreadcrumbList","@id":"https:\/\/gapwomen.ufec.cat\/ca\/2024\/06\/14\/empoderant-les-dones-en-lesport-celebrant-el-dia-internacional-dels-drets-de-les-dones\/#breadcrumb","itemListElement":[{"@type":"ListItem","position":1,"name":"Portada","item":"https:\/\/gapwomen.ufec.cat\/ca\/"},{"@type":"ListItem","position":2,"name":"Empoderant les dones en l&#8217;esport: Celebrant el Dia Internacional dels Drets de les Dones"}]},{"@type":"WebSite","@id":"https:\/\/gapwomen.ufec.cat\/ca\/#website","url":"https:\/\/gapwomen.ufec.cat\/ca\/","name":"GAPWomen","description":"Just another WordPress site","publisher":{"@id":"https:\/\/gapwomen.ufec.cat\/ca\/#organization"},"potentialAction":[{"@type":"SearchAction","target":{"@type":"EntryPoint","urlTemplate":"https:\/\/gapwomen.ufec.cat\/ca\/?s={search_term_string}"},"query-input":"required name=search_term_string"}],"inLanguage":"ca"},{"@type":"Organization","@id":"https:\/\/gapwomen.ufec.cat\/ca\/#organization","name":"GAPWomen","url":"https:\/\/gapwomen.ufec.cat\/ca\/","logo":{"@type":"ImageObject","inLanguage":"ca","@id":"https:\/\/gapwomen.ufec.cat\/ca\/#\/schema\/logo\/image\/","url":"https:\/\/gapwomen.ufec.cat\/wp-content\/uploads\/2022\/08\/LOGOS-GAP-WOMEN-09.svg","contentUrl":"https:\/\/gapwomen.ufec.cat\/wp-content\/uploads\/2022\/08\/LOGOS-GAP-WOMEN-09.svg","width":500,"height":200,"caption":"GAPWomen"},"image":{"@id":"https:\/\/gapwomen.ufec.cat\/ca\/#\/schema\/logo\/image\/"}},{"@type":"Person","@id":"https:\/\/gapwomen.ufec.cat\/ca\/#\/schema\/person\/cb52c2d07d101573fcb8d9a3604285a4","name":"Premsa UFEC","image":{"@type":"ImageObject","inLanguage":"ca","@id":"https:\/\/gapwomen.ufec.cat\/ca\/#\/schema\/person\/image\/","url":"https:\/\/secure.gravatar.com\/avatar\/3c332e4ba74306f0f021b2e2eb15d86eb35143b4c4aec9e52241d40ff06608d9?s=96&d=mm&r=g","contentUrl":"https:\/\/secure.gravatar.com\/avatar\/3c332e4ba74306f0f021b2e2eb15d86eb35143b4c4aec9e52241d40ff06608d9?s=96&d=mm&r=g","caption":"Premsa UFEC"},"url":"https:\/\/gapwomen.ufec.cat\/ca\/author\/premsaufec-cat\/"}]}},"_links":{"self":[{"href":"https:\/\/gapwomen.ufec.cat\/ca\/wp-json\/wp\/v2\/posts\/2321","targetHints":{"allow":["GET"]}}],"collection":[{"href":"https:\/\/gapwomen.ufec.cat\/ca\/wp-json\/wp\/v2\/posts"}],"about":[{"href":"https:\/\/gapwomen.ufec.cat\/ca\/wp-json\/wp\/v2\/types\/post"}],"author":[{"embeddable":true,"href":"https:\/\/gapwomen.ufec.cat\/ca\/wp-json\/wp\/v2\/users\/2"}],"replies":[{"embeddable":true,"href":"https:\/\/gapwomen.ufec.cat\/ca\/wp-json\/wp\/v2\/comments?post=2321"}],"version-history":[{"count":4,"href":"https:\/\/gapwomen.ufec.cat\/ca\/wp-json\/wp\/v2\/posts\/2321\/revisions"}],"predecessor-version":[{"id":2326,"href":"https:\/\/gapwomen.ufec.cat\/ca\/wp-json\/wp\/v2\/posts\/2321\/revisions\/2326"}],"wp:featuredmedia":[{"embeddable":true,"href":"https:\/\/gapwomen.ufec.cat\/ca\/wp-json\/wp\/v2\/media\/1657"}],"wp:attachment":[{"href":"https:\/\/gapwomen.ufec.cat\/ca\/wp-json\/wp\/v2\/media?parent=2321"}],"wp:term":[{"taxonomy":"category","embeddable":true,"href":"https:\/\/gapwomen.ufec.cat\/ca\/wp-json\/wp\/v2\/categories?post=2321"},{"taxonomy":"post_tag","embeddable":true,"href":"https:\/\/gapwomen.ufec.cat\/ca\/wp-json\/wp\/v2\/tags?post=2321"}],"curies":[{"name":"wp","href":"https:\/\/api.w.org\/{rel}","templated":true}]}}